{"id":2585,"date":"2023-07-19T15:20:54","date_gmt":"2023-07-19T15:20:54","guid":{"rendered":"https:\/\/www.irelstudio.com\/blog\/yulia-zhukova-unsere-kuechenleiterin-hat-das-unfehlbare-rezept-fuer-die-gestaltung-ihrer-traumkueche\/"},"modified":"2024-02-22T08:03:07","modified_gmt":"2024-02-22T08:03:07","slug":"yulia-zhukova-unsere-kuechenleiterin-hat-das-unfehlbare-rezept-fuer-die-gestaltung-ihrer-traumkueche","status":"publish","type":"post","link":"https:\/\/www.irelstudio.com\/de\/blog\/yulia-zhukova-unsere-kuechenleiterin-hat-das-unfehlbare-rezept-fuer-die-gestaltung-ihrer-traumkueche\/","title":{"rendered":"Yulia Zhukova, unsere K\u00fcchenleiterin, hat das unfehlbare Rezept f\u00fcr die Gestaltung Ihrer Traumk\u00fcche."},"content":{"rendered":"\n<p>Die Grundzutaten, die <strong>Yulia Zhukova<\/strong>, <em>K\u00fcchenleiterin<\/em> in unserem Artikalia-Gesch\u00e4ft in Benidorm, verwendet, sind: pers\u00f6nliche Aufmerksamkeit zusammen mit einem kreativen und funktionalen Ansatz. Jede K\u00fcche soll ein einzigartiger Raum sein, ma\u00dfgeschneidert f\u00fcr jeden Kunden.<\/p>\n\n<p>Mit ihrer langj\u00e4hrigen Erfahrung in der Dekorations- und Inneneinrichtungsbranche verr\u00e4t uns Yulia die Geheimnisse eines guten <em>K\u00fcchenmanagers<\/em>, der au\u00dfergew\u00f6hnliche Ergebnisse liefert. Von der Herangehensweise und Entwicklung eines jeden Projekts \u00fcber die aktuellen Trends und die Entwicklung des Geschmacks und der Anforderungen des Kunden.<\/p>\n\n<div style=\"height:30px\" aria-hidden=\"true\" class=\"wp-block-spacer\"><\/div>\n\n<h2 class=\"wp-block-heading\">Woran muss man bei der Planung einer K\u00fcche zuerst denken?<\/h2>\n\n<p>Der sch\u00f6nste Moment meiner Arbeit ist es, die <strong>Pers\u00f6nlichkeit und den Geschmack eines jeden Kunden widerzuspiegeln<\/strong>. Ich lerne die Menschen kennen, ihre Lebensweise, ihre Bed\u00fcrfnisse&#8230; Je mehr sie mich \u00fcber sich wissen lassen, desto besser wird das Endergebnis sein.<\/p>\n\n<div style=\"height:30px\" aria-hidden=\"true\" class=\"wp-block-spacer\"><\/div>\n\n<h2 class=\"wp-block-heading\">Was sind die Unterschiede zwischen einer K\u00fcche f\u00fcr ein Sommerhaus und einer K\u00fcche f\u00fcr eine erste Wohnung?<\/h2>\n\n<p>Es kann Millionen von Unterschieden geben oder gar keine. Es h\u00e4ngt sehr stark von den Bed\u00fcrfnissen der einzelnen Familien ab, wenn es um Urlaub geht. Jeder Kunde ist anders, und mit jeder K\u00fcche lerne ich von ihren k\u00fcnftigen Besitzern, um <strong>die beste L\u00f6sung zwischen Notwendigkeit, \u00c4sthetik und M\u00f6glichkeiten<\/strong> zu finden.<\/p>\n\n<div style=\"height:30px\" aria-hidden=\"true\" class=\"wp-block-spacer\"><\/div>\n\n<blockquote class=\"wp-block-quote is-layout-flow wp-block-quote-is-layout-flow\"><div class=\"wp-block-image\">\n<figure class=\"aligncenter size-large\"><img loading=\"lazy\" decoding=\"async\" width=\"804\" height=\"1024\" src=\"https:\/\/www.irelstudio.com\/wp-content\/uploads\/2023\/07\/Collage-Yulia-copia-804x1024.jpg\" alt=\"\" class=\"wp-image-1803\" srcset=\"https:\/\/www.irelstudio.com\/wp-content\/uploads\/2023\/07\/Collage-Yulia-copia-804x1024.jpg 804w, https:\/\/www.irelstudio.com\/wp-content\/uploads\/2023\/07\/Collage-Yulia-copia-471x600.jpg 471w, https:\/\/www.irelstudio.com\/wp-content\/uploads\/2023\/07\/Collage-Yulia-copia-768x978.jpg 768w, https:\/\/www.irelstudio.com\/wp-content\/uploads\/2023\/07\/Collage-Yulia-copia-1206x1536.jpg 1206w, https:\/\/www.irelstudio.com\/wp-content\/uploads\/2023\/07\/Collage-Yulia-copia.jpg 1570w\" sizes=\"auto, (max-width: 804px) 100vw, 804px\" \/><\/figure>\n<\/div>\n\n\n<div style=\"height:30px\" aria-hidden=\"true\" class=\"wp-block-spacer\"><\/div>\n\n\n\n<p><strong><em><mark style=\"background-color:rgba(0, 0, 0, 0)\" class=\"has-inline-color has-luminous-vivid-amber-color\">&#8222;<i style=\"font-weight: bold;\">Eine K\u00fcche h\u00e4lt ein Leben lang, wenn man sich in sie verliebt, und um sich zu verlieben, muss man sein Leben, seine Gewohnheiten und Vorlieben mit seinem K\u00fcchenspezialisten teilen<\/i>&#8222;.<\/mark><\/em><\/strong><\/p>\n<cite>Yulia Zhukova, K\u00fcchenleiterin.<\/cite><\/blockquote>\n\n<div style=\"height:30px\" aria-hidden=\"true\" class=\"wp-block-spacer\"><\/div>\n\n<h2 class=\"wp-block-heading\">Sind Sie ein Bef\u00fcrworter des Trends der offenen K\u00fcche?<\/h2>\n\n<p>V\u00f6llig einverstanden! Ich finde, dass K\u00fcchen, die zum Wohnzimmer hin offen sind, dem Haus viel Leben und Komfort verleihen. Fast alle Neubauprojekte entscheiden sich f\u00fcr diesen K\u00fcchentyp, und auch bei der Renovierung wird er nachgefragt.  <strong>Die offene K\u00fcche ist definitiv ein Dauerbrenner!<\/strong><\/p>\n\n<div style=\"height:30px\" aria-hidden=\"true\" class=\"wp-block-spacer\"><\/div>\n\n<figure class=\"wp-block-image size-large\"><img loading=\"lazy\" decoding=\"async\" width=\"1024\" height=\"683\" src=\"https:\/\/www.irelstudio.com\/wp-content\/uploads\/2023\/07\/Collage-Yulia-web03-1024x683.jpg\" alt=\"Offene K&#xFC;che im Wohnzimmer integriert\" class=\"wp-image-1767\" srcset=\"https:\/\/www.irelstudio.com\/wp-content\/uploads\/2023\/07\/Collage-Yulia-web03-1024x683.jpg 1024w, https:\/\/www.irelstudio.com\/wp-content\/uploads\/2023\/07\/Collage-Yulia-web03-600x400.jpg 600w, https:\/\/www.irelstudio.com\/wp-content\/uploads\/2023\/07\/Collage-Yulia-web03-768x512.jpg 768w, https:\/\/www.irelstudio.com\/wp-content\/uploads\/2023\/07\/Collage-Yulia-web03-1536x1024.jpg 1536w, https:\/\/www.irelstudio.com\/wp-content\/uploads\/2023\/07\/Collage-Yulia-web03-2048x1365.jpg 2048w\" sizes=\"auto, (max-width: 1024px) 100vw, 1024px\" \/><\/figure>\n\n<div style=\"height:30px\" aria-hidden=\"true\" class=\"wp-block-spacer\"><\/div>\n\n<h2 class=\"wp-block-heading\">Was sind die wichtigsten Vorteile von ma\u00dfgefertigten M\u00f6beln?<\/h2>\n\n<p>Sehr einfach.  <em>Sie tr\u00e4umen, wir machen es m\u00f6glich!<\/em><\/p>\n\n<div style=\"height:30px\" aria-hidden=\"true\" class=\"wp-block-spacer\"><\/div>\n\n<h2 class=\"wp-block-heading\">Wie schaffen Sie den Spagat zwischen neuen Trends und einer K\u00fcche, die 25 Jahre h\u00e4lt?<\/h2>\n\n<p>Eine K\u00fcche h\u00e4lt ein Leben lang, wenn man sich in sie verliebt, und um sich zu verlieben, muss man sein Leben, seine Gewohnheiten und Vorlieben mit seinem K\u00fcchenspezialisten teilen. Das ist die Geheimformel, die dar\u00fcber entscheidet, ob eine K\u00fcche ein Leben lang h\u00e4lt oder ob man in einem Jahr genug von ihr hat.<\/p>\n\n<div style=\"height:30px\" aria-hidden=\"true\" class=\"wp-block-spacer\"><\/div>\n\n<h2 class=\"wp-block-heading\">Welche Materialien werden jetzt verwendet?<\/h2>\n\n<p>Die Pers\u00f6nlichkeit des Kunden ist das, was nie aus der Mode kommen wird.<\/p>\n\n<div style=\"height:30px\" aria-hidden=\"true\" class=\"wp-block-spacer\"><\/div>\n\n<figure class=\"wp-block-image size-large\"><img loading=\"lazy\" decoding=\"async\" width=\"1024\" height=\"683\" src=\"https:\/\/www.irelstudio.com\/wp-content\/uploads\/2023\/07\/Collage-Yulia-web05-1024x683.jpg\" alt=\"Offener Raum: integrierte K&#xFC;che und Esszimmer.\" class=\"wp-image-1774\" srcset=\"https:\/\/www.irelstudio.com\/wp-content\/uploads\/2023\/07\/Collage-Yulia-web05-1024x683.jpg 1024w, https:\/\/www.irelstudio.com\/wp-content\/uploads\/2023\/07\/Collage-Yulia-web05-600x400.jpg 600w, https:\/\/www.irelstudio.com\/wp-content\/uploads\/2023\/07\/Collage-Yulia-web05-768x512.jpg 768w, https:\/\/www.irelstudio.com\/wp-content\/uploads\/2023\/07\/Collage-Yulia-web05-1536x1024.jpg 1536w, https:\/\/www.irelstudio.com\/wp-content\/uploads\/2023\/07\/Collage-Yulia-web05-2048x1365.jpg 2048w\" sizes=\"auto, (max-width: 1024px) 100vw, 1024px\" \/><\/figure>\n\n<div style=\"height:30px\" aria-hidden=\"true\" class=\"wp-block-spacer\"><\/div>\n\n<h2 class=\"wp-block-heading\">Der ewige Zweifel&#8230; Arbeitsplatte aus Porzellan oder Silestone? Was verlangen sie am meisten von Ihnen und warum? Welche empfehlen Sie?<\/h2>\n\n<p>Porzellan, definitiv. Es handelt sich um eine Oberfl\u00e4che, die sich in den letzten Jahren in Bezug auf die Oberfl\u00e4chenbeschaffenheit stark weiterentwickelt hat und deren Preis unter Ber\u00fccksichtigung ihrer <strong>zahlreichen Vorteile<\/strong> immer wettbewerbsf\u00e4higer wird. Abgesehen davon, dass es sich um eine widerstandsf\u00e4hige Oberfl\u00e4che handelt, die extremen Temperaturschwankungen, S\u00e4uren, Chemikalien usw. standh\u00e4lt, kann es auch <strong>mit anderen Oberfl\u00e4chen im Haus<\/strong> wie einer Wand oder einem Boden <strong>kombiniert<\/strong> werden. <strong>Unglaubliche Ergebnisse in Magazinqualit\u00e4t<\/strong> werden erzielt.<\/p>\n<div class=\"wp-block-image\">\n<figure class=\"aligncenter size-large\"><img loading=\"lazy\" decoding=\"async\" width=\"1024\" height=\"683\" src=\"https:\/\/www.irelstudio.com\/wp-content\/uploads\/2023\/07\/Collage-Yulia-web-1024x683.jpg\" alt=\"\" class=\"wp-image-1763\" srcset=\"https:\/\/www.irelstudio.com\/wp-content\/uploads\/2023\/07\/Collage-Yulia-web-1024x683.jpg 1024w, https:\/\/www.irelstudio.com\/wp-content\/uploads\/2023\/07\/Collage-Yulia-web-600x400.jpg 600w, https:\/\/www.irelstudio.com\/wp-content\/uploads\/2023\/07\/Collage-Yulia-web-768x512.jpg 768w, https:\/\/www.irelstudio.com\/wp-content\/uploads\/2023\/07\/Collage-Yulia-web-1536x1024.jpg 1536w, https:\/\/www.irelstudio.com\/wp-content\/uploads\/2023\/07\/Collage-Yulia-web-2048x1365.jpg 2048w\" sizes=\"auto, (max-width: 1024px) 100vw, 1024px\" \/><\/figure>\n<\/div>\n<div style=\"height:30px\" aria-hidden=\"true\" class=\"wp-block-spacer\"><\/div>\n\n<h2 class=\"wp-block-heading\">Ist Ihnen bei Ihren Gespr\u00e4chen mit neuen Kunden die Zunahme von Renovierungssendungen im Fernsehen aufgefallen?<\/h2>\n\n<p>Nat\u00fcrlich haben das Fernsehen und die sozialen Medien das Leben im Allgemeinen stark beeinflusst. Ich mag es, wenn sie mit einem Foto, einem Artikel oder einem Video ihrer W\u00fcnsche kommen, denn das bedeutet, dass sie in den Gestaltungsprozess einbezogen werden und das Ergebnis so pers\u00f6nlich wie m\u00f6glich wird.<\/p>\n\n<div style=\"height:30px\" aria-hidden=\"true\" class=\"wp-block-spacer\"><\/div>\n<div class=\"wp-block-image\">\n<figure class=\"aligncenter size-large\"><img loading=\"lazy\" decoding=\"async\" width=\"919\" height=\"1024\" src=\"https:\/\/www.irelstudio.com\/wp-content\/uploads\/2023\/07\/Collage-Yulia-webY-919x1024.jpg\" alt=\"\" class=\"wp-image-1809\" srcset=\"https:\/\/www.irelstudio.com\/wp-content\/uploads\/2023\/07\/Collage-Yulia-webY-919x1024.jpg 919w, https:\/\/www.irelstudio.com\/wp-content\/uploads\/2023\/07\/Collage-Yulia-webY-539x600.jpg 539w, https:\/\/www.irelstudio.com\/wp-content\/uploads\/2023\/07\/Collage-Yulia-webY-768x856.jpg 768w, https:\/\/www.irelstudio.com\/wp-content\/uploads\/2023\/07\/Collage-Yulia-webY-1379x1536.jpg 1379w, https:\/\/www.irelstudio.com\/wp-content\/uploads\/2023\/07\/Collage-Yulia-webY.jpg 1795w\" sizes=\"auto, (max-width: 919px) 100vw, 919px\" \/><\/figure>\n<\/div>\n<div style=\"height:30px\" aria-hidden=\"true\" class=\"wp-block-spacer\"><\/div>\n\n<h2 class=\"wp-block-heading\">Welches sind die schwierigsten Entscheidungen, die bei der Planung einer individuellen K\u00fcche zu treffen sind? Haben Sie bei Ihren Kunden irgendwelche Muster erkannt? Glauben Sie, dass man Kundentypen mit K\u00fcchentypologien gruppieren kann? Also ganz allgemein!<\/h2>\n\n<p>Fast alle Kunden kommen mit einer bestimmten Vorstellung davon, wie sie ihre K\u00fcche sehen. Diese Idee \u00e4ndert sich im Laufe der Projektentwicklung, da viele Faktoren ber\u00fccksichtigt werden m\u00fcssen, insbesondere die Funktionalit\u00e4t. Es ist daher unerl\u00e4sslich, dass die f\u00fcr den Entwurf und die Realisierung verantwortliche Person dem Kunden alle Informationen zur Verf\u00fcgung stellt.<br\/>In meinem Fall habe ich das Gl\u00fcck, in einer Touristengegend zu arbeiten, in der es auch viele normale Einwohner gibt. Deshalb  <strong>erm\u00f6glicht es mir, K\u00fcchenprojekte sowohl f\u00fcr neue Wohnungen des ersten oder zweiten Wohnsitzes als auch f\u00fcr den Umbau einer alten K\u00fcche zu entwickeln.<\/strong>  Meine Erfahrung hat mich dazu veranlasst, eine Klassifizierung in vier Gruppen vorzunehmen, je nachdem, ob es sich um eine neue oder eine renovierte Immobilie handelt und ob es sich um eine Erst- oder Zweitwohnung handelt.<br\/>Letztendlich f\u00fchle ich mich durch den Umgang mit verschiedenen K\u00fcchenstilen und Kunden mit sehr unterschiedlichen Pers\u00f6nlichkeiten und Bed\u00fcrfnissen sehr privilegiert, dass ich einzigartige K\u00fcchen entwerfen kann.<\/p>\n\n<div style=\"height:30px\" aria-hidden=\"true\" class=\"wp-block-spacer\"><\/div>\n\n<h2 class=\"wp-block-heading\">Inwieweit ist es in der gegenw\u00e4rtigen Situation wichtig, energieeffiziente Ger\u00e4te zu haben?<\/h2>\n\n<p>Soweit m\u00f6glich und wenn es den Anforderungen des Kunden entspricht, empfehle ich es. Wir m\u00fcssen uns um den Planeten k\u00fcmmern, wir haben nur einen.<\/p>\n\n<div style=\"height:30px\" aria-hidden=\"true\" class=\"wp-block-spacer\"><\/div>\n\n<blockquote class=\"wp-block-quote is-layout-flow wp-block-quote-is-layout-flow\">\n<p><strong><em><mark style=\"background-color:rgba(0, 0, 0, 0)\" class=\"has-inline-color has-luminous-vivid-amber-color\">&#8222;Ich liebe es, unterschiedliche und originelle Projekte mit verschiedenen Texturen und Farben zu machen. Diese Art von Projekten sind diejenigen, die meiner Fantasie und Kreativit\u00e4t freien Lauf lassen und einzigartige Ergebnisse liefern.<\/mark><\/em><\/strong><\/p>\n<cite>Yulia Zhukova, K\u00fcchenleiterin.<\/cite><\/blockquote>\n\n<div style=\"height:30px\" aria-hidden=\"true\" class=\"wp-block-spacer\"><\/div>\n\n<figure class=\"wp-block-image size-large\"><img loading=\"lazy\" decoding=\"async\" width=\"1024\" height=\"683\" src=\"https:\/\/www.irelstudio.com\/wp-content\/uploads\/2023\/07\/Collage-Yulia-web04-1-1024x683.jpg\" alt=\"K&#xFC;che mit wei&#xDF;en M&#xF6;beln mit Holzoberfl&#xE4;chen und Ger&#xE4;ten mit Glasoberfl&#xE4;che.\" class=\"wp-image-1772\" srcset=\"https:\/\/www.irelstudio.com\/wp-content\/uploads\/2023\/07\/Collage-Yulia-web04-1-1024x683.jpg 1024w, https:\/\/www.irelstudio.com\/wp-content\/uploads\/2023\/07\/Collage-Yulia-web04-1-600x400.jpg 600w, https:\/\/www.irelstudio.com\/wp-content\/uploads\/2023\/07\/Collage-Yulia-web04-1-768x512.jpg 768w, https:\/\/www.irelstudio.com\/wp-content\/uploads\/2023\/07\/Collage-Yulia-web04-1-1536x1024.jpg 1536w, https:\/\/www.irelstudio.com\/wp-content\/uploads\/2023\/07\/Collage-Yulia-web04-1-2048x1365.jpg 2048w\" sizes=\"auto, (max-width: 1024px) 100vw, 1024px\" \/><\/figure>\n\n<div style=\"height:30px\" aria-hidden=\"true\" class=\"wp-block-spacer\"><\/div>\n\n<h2 class=\"wp-block-heading\">In Spanien steht die Waschmaschine traditionell in der K\u00fcche, \u00fcberrascht das ausl\u00e4ndische Kunden? W\u00fcnschen sich immer mehr Spanier einen separaten Raum oder ein eigenes Bad?<\/h2>\n\n<p>Jede Kultur hat ihre eigenen Gewohnheiten und Erwartungen, aber es gibt bestimmte Aspekte, wie z. B. die Waschmaschine, die stark von den M\u00f6glichkeiten abh\u00e4ngen, die der einzurichtende Raum bietet. Wenn wir diese Aspekte nicht ber\u00fccksichtigen, wird die \u00fcberwiegende Mehrheit, unabh\u00e4ngig vom Herkunftsland, es in einem separaten Raum f\u00fcr alles, was mit Sauberkeit zu tun hat, haben wollen.<\/p>\n\n<div style=\"height:30px\" aria-hidden=\"true\" class=\"wp-block-spacer\"><\/div>\n<div class=\"wp-block-image\">\n<figure class=\"aligncenter size-large\"><img loading=\"lazy\" decoding=\"async\" width=\"741\" height=\"1024\" src=\"https:\/\/www.irelstudio.com\/wp-content\/uploads\/2023\/07\/Collage-Yulia-webY01-1-741x1024.jpg\" alt=\"\" class=\"wp-image-1822\" srcset=\"https:\/\/www.irelstudio.com\/wp-content\/uploads\/2023\/07\/Collage-Yulia-webY01-1-741x1024.jpg 741w, https:\/\/www.irelstudio.com\/wp-content\/uploads\/2023\/07\/Collage-Yulia-webY01-1-434x600.jpg 434w, https:\/\/www.irelstudio.com\/wp-content\/uploads\/2023\/07\/Collage-Yulia-webY01-1-768x1062.jpg 768w, https:\/\/www.irelstudio.com\/wp-content\/uploads\/2023\/07\/Collage-Yulia-webY01-1-1111x1536.jpg 1111w, https:\/\/www.irelstudio.com\/wp-content\/uploads\/2023\/07\/Collage-Yulia-webY01-1.jpg 1447w\" sizes=\"auto, (max-width: 741px) 100vw, 741px\" \/><\/figure>\n<\/div>\n<div style=\"height:30px\" aria-hidden=\"true\" class=\"wp-block-spacer\"><\/div>\n\n<h2 class=\"wp-block-heading\">Sind Sie daf\u00fcr, Ger\u00e4te wie Waschmaschinen und Geschirrsp\u00fcler zu verkleiden oder offen zu lassen?<\/h2>\n\n<p>\u00c4sthetisch sieht es gro\u00dfartig aus, und die K\u00fcche hat ein einheitlicheres Aussehen. Es ist zu bedenken, dass sich die Funktionen eines Einbauger\u00e4ts von denen eines Standger\u00e4ts unterscheiden, und wir kommen auf den \u00fcblichen Punkt zur\u00fcck: die Bed\u00fcrfnisse des Kunden und die M\u00f6glichkeiten des einzurichtenden Raums.<\/p>\n\n<div style=\"height:30px\" aria-hidden=\"true\" class=\"wp-block-spacer\"><\/div>\n<div class=\"wp-block-image\">\n<figure class=\"aligncenter size-large\"><img loading=\"lazy\" decoding=\"async\" width=\"1024\" height=\"683\" src=\"https:\/\/www.irelstudio.com\/wp-content\/uploads\/2023\/07\/Collage-Yulia-web02-1024x683.jpg\" alt=\"K&#xFC;che mit Details zu Ger&#xE4;ten und Oberfl&#xE4;chen.\" class=\"wp-image-1765\" srcset=\"https:\/\/www.irelstudio.com\/wp-content\/uploads\/2023\/07\/Collage-Yulia-web02-1024x683.jpg 1024w, https:\/\/www.irelstudio.com\/wp-content\/uploads\/2023\/07\/Collage-Yulia-web02-600x400.jpg 600w, https:\/\/www.irelstudio.com\/wp-content\/uploads\/2023\/07\/Collage-Yulia-web02-768x512.jpg 768w, https:\/\/www.irelstudio.com\/wp-content\/uploads\/2023\/07\/Collage-Yulia-web02-1536x1024.jpg 1536w, https:\/\/www.irelstudio.com\/wp-content\/uploads\/2023\/07\/Collage-Yulia-web02-2048x1365.jpg 2048w\" sizes=\"auto, (max-width: 1024px) 100vw, 1024px\" \/><\/figure>\n<\/div>\n<div style=\"height:30px\" aria-hidden=\"true\" class=\"wp-block-spacer\"><\/div>\n\n<h2 class=\"wp-block-heading\">Wie s\u00e4he Ihre ideale K\u00fcche aus?<\/h2>\n\n<p>F\u00fcr mich w\u00e4re eine ideale K\u00fcche zum Wohnzimmer hin offen, mit einer Insel, auf der ich das Induktionskochfeld platzieren w\u00fcrde, damit ich im Alltag meiner wunderbaren Familie immer pr\u00e4sent bin. Ich sch\u00e4tze die Beziehungen zwischen Menschen sehr, und wenn es sich dabei um die Menschen handelt, die mir am n\u00e4chsten stehen, ist es umso besser, je l\u00e4nger ich ihre Gesellschaft genie\u00dfen kann.<\/p>\n\n<div style=\"height:30px\" aria-hidden=\"true\" class=\"wp-block-spacer\"><\/div>\n\n<h2 class=\"wp-block-heading\">Nicht schlecht, aber&#8230; essen Sie etwas! Sind Sie eher abenteuerlustig und kombinieren Farben und Oberfl\u00e4chen? Oder eher konservativ&#8230; bleiben Sie bei Wei\u00df und Holz? Nennen Sie uns ein paar erfolgreiche Kombinationen.<\/h2>\n\n<p>Ich liebe es, verschiedene und originelle Projekte mit unterschiedlichen Texturen und Farben zu machen. Dies sind die Art von Projekten, die meiner Fantasie und Kreativit\u00e4t freien Lauf lassen und einzigartige Ergebnisse liefern. Hier ist das Rezept f\u00fcr eine K\u00fcche, die Ihnen den Atem raubt: Sie w\u00e4hlen die vorherrschenden Farben f\u00fcr die K\u00fcchent\u00fcren, f\u00fcgen verschiedene Texturen hinzu, wie z. B. eine Glasvitrine oder eine Wand mit Tapete oder eine Arbeitsplatte, die sich abhebt, f\u00fcgen passende Accessoires hinzu, wie Griffe, Wasserh\u00e4hne, Sp\u00fclbecken, Gew\u00fcrzregale usw. und&#8230; BOOOOOM! Ihre Traumk\u00fcche ist fertig!<\/p>\n\n<p>Aber so wie ich in diesem Sinne risikofreudig bin, muss es auch der Kunde sein, damit er noch viele, viele Jahre Freude an seiner K\u00fcche hat. Die Erfahrung hat mich gelehrt, dass sie immer mattes oder gl\u00e4nzendes Wei\u00df in Kombination mit einer Art von Holzoberfl\u00e4che bevorzugen werden. Zurzeit sind zum Beispiel alle Eichenarten in Mode.<\/p>\n\n<div style=\"height:30px\" aria-hidden=\"true\" class=\"wp-block-spacer\"><\/div>\n\n<h2 class=\"wp-block-heading\">Fassen Sie in 3 Punkten zusammen, woran wir vor der Planung einer K\u00fcche denken m\u00fcssen.<\/h2>\n\n<p>Notwendigkeit, M\u00f6glichkeiten und \u00c4sthetik.<\/p>\n\n<div style=\"height:30px\" aria-hidden=\"true\" class=\"wp-block-spacer\"><\/div>\n\n<ul class=\"wp-block-social-links is-layout-flex wp-block-social-links-is-layout-flex\"><li class=\"wp-social-link wp-social-link-instagram  wp-block-social-link\"><a href=\"https:\/\/www.instagram.com\/irel.studio\/\" class=\"wp-block-social-link-anchor\" target=\"_blank\" rel=\"noopener\"><svg width=\"24\" height=\"24\" viewBox=\"0 0 24 24\" version=\"1.1\" xmlns=\"http:\/\/www.w3.org\/2000\/svg\" aria-hidden=\"true\" focusable=\"false\"><path d=\"M12,4.622c2.403,0,2.688,0.009,3.637,0.052c0.877,0.04,1.354,0.187,1.671,0.31c0.42,0.163,0.72,0.358,1.035,0.673 c0.315,0.315,0.51,0.615,0.673,1.035c0.123,0.317,0.27,0.794,0.31,1.671c0.043,0.949,0.052,1.234,0.052,3.637 s-0.009,2.688-0.052,3.637c-0.04,0.877-0.187,1.354-0.31,1.671c-0.163,0.42-0.358,0.72-0.673,1.035 c-0.315,0.315-0.615,0.51-1.035,0.673c-0.317,0.123-0.794,0.27-1.671,0.31c-0.949,0.043-1.233,0.052-3.637,0.052 s-2.688-0.009-3.637-0.052c-0.877-0.04-1.354-0.187-1.671-0.31c-0.42-0.163-0.72-0.358-1.035-0.673 c-0.315-0.315-0.51-0.615-0.673-1.035c-0.123-0.317-0.27-0.794-0.31-1.671C4.631,14.688,4.622,14.403,4.622,12 s0.009-2.688,0.052-3.637c0.04-0.877,0.187-1.354,0.31-1.671c0.163-0.42,0.358-0.72,0.673-1.035 c0.315-0.315,0.615-0.51,1.035-0.673c0.317-0.123,0.794-0.27,1.671-0.31C9.312,4.631,9.597,4.622,12,4.622 M12,3 C9.556,3,9.249,3.01,8.289,3.054C7.331,3.098,6.677,3.25,6.105,3.472C5.513,3.702,5.011,4.01,4.511,4.511 c-0.5,0.5-0.808,1.002-1.038,1.594C3.25,6.677,3.098,7.331,3.054,8.289C3.01,9.249,3,9.556,3,12c0,2.444,0.01,2.751,0.054,3.711 c0.044,0.958,0.196,1.612,0.418,2.185c0.23,0.592,0.538,1.094,1.038,1.594c0.5,0.5,1.002,0.808,1.594,1.038 c0.572,0.222,1.227,0.375,2.185,0.418C9.249,20.99,9.556,21,12,21s2.751-0.01,3.711-0.054c0.958-0.044,1.612-0.196,2.185-0.418 c0.592-0.23,1.094-0.538,1.594-1.038c0.5-0.5,0.808-1.002,1.038-1.594c0.222-0.572,0.375-1.227,0.418-2.185 C20.99,14.751,21,14.444,21,12s-0.01-2.751-0.054-3.711c-0.044-0.958-0.196-1.612-0.418-2.185c-0.23-0.592-0.538-1.094-1.038-1.594 c-0.5-0.5-1.002-0.808-1.594-1.038c-0.572-0.222-1.227-0.375-2.185-0.418C14.751,3.01,14.444,3,12,3L12,3z M12,7.378 c-2.552,0-4.622,2.069-4.622,4.622S9.448,16.622,12,16.622s4.622-2.069,4.622-4.622S14.552,7.378,12,7.378z M12,15 c-1.657,0-3-1.343-3-3s1.343-3,3-3s3,1.343,3,3S13.657,15,12,15z M16.804,6.116c-0.596,0-1.08,0.484-1.08,1.08 s0.484,1.08,1.08,1.08c0.596,0,1.08-0.484,1.08-1.08S17.401,6.116,16.804,6.116z\"><\/path><\/svg><span class=\"wp-block-social-link-label screen-reader-text\">Instagram<\/span><\/a><\/li>\n\n<li class=\"wp-social-link wp-social-link-facebook  wp-block-social-link\"><a href=\"https:\/\/www.facebook.com\/irelstudio\/\" class=\"wp-block-social-link-anchor\" target=\"_blank\" rel=\"noopener\"><svg width=\"24\" height=\"24\" viewBox=\"0 0 24 24\" version=\"1.1\" xmlns=\"http:\/\/www.w3.org\/2000\/svg\" aria-hidden=\"true\" focusable=\"false\"><path d=\"M12 2C6.5 2 2 6.5 2 12c0 5 3.7 9.1 8.4 9.9v-7H7.9V12h2.5V9.8c0-2.5 1.5-3.9 3.8-3.9 1.1 0 2.2.2 2.2.2v2.5h-1.3c-1.2 0-1.6.8-1.6 1.6V12h2.8l-.4 2.9h-2.3v7C18.3 21.1 22 17 22 12c0-5.5-4.5-10-10-10z\"><\/path><\/svg><span class=\"wp-block-social-link-label screen-reader-text\">Facebook<\/span><\/a><\/li>\n\n<li class=\"wp-social-link wp-social-link-pinterest  wp-block-social-link\"><a href=\"https:\/\/www.pinterest.es\/irelstudio\/\" class=\"wp-block-social-link-anchor\" target=\"_blank\" rel=\"noopener\"><svg width=\"24\" height=\"24\" viewBox=\"0 0 24 24\" version=\"1.1\" xmlns=\"http:\/\/www.w3.org\/2000\/svg\" aria-hidden=\"true\" focusable=\"false\"><path d=\"M12.289,2C6.617,2,3.606,5.648,3.606,9.622c0,1.846,1.025,4.146,2.666,4.878c0.25,0.111,0.381,0.063,0.439-0.169 c0.044-0.175,0.267-1.029,0.365-1.428c0.032-0.128,0.017-0.237-0.091-0.362C6.445,11.911,6.01,10.75,6.01,9.668 c0-2.777,2.194-5.464,5.933-5.464c3.23,0,5.49,2.108,5.49,5.122c0,3.407-1.794,5.768-4.13,5.768c-1.291,0-2.257-1.021-1.948-2.277 c0.372-1.495,1.089-3.112,1.089-4.191c0-0.967-0.542-1.775-1.663-1.775c-1.319,0-2.379,1.309-2.379,3.059 c0,1.115,0.394,1.869,0.394,1.869s-1.302,5.279-1.54,6.261c-0.405,1.666,0.053,4.368,0.094,4.604 c0.021,0.126,0.167,0.169,0.25,0.063c0.129-0.165,1.699-2.419,2.142-4.051c0.158-0.59,0.817-2.995,0.817-2.995 c0.43,0.784,1.681,1.446,3.013,1.446c3.963,0,6.822-3.494,6.822-7.833C20.394,5.112,16.849,2,12.289,2\"><\/path><\/svg><span class=\"wp-block-social-link-label screen-reader-text\">Pinterest<\/span><\/a><\/li>\n\n<li class=\"wp-social-link wp-social-link-tiktok  wp-block-social-link\"><a href=\"https:\/\/www.tiktok.com\/@irel_studio\" class=\"wp-block-social-link-anchor\" target=\"_blank\" rel=\"noopener\"><svg width=\"24\" height=\"24\" viewBox=\"0 0 32 32\" version=\"1.1\" xmlns=\"http:\/\/www.w3.org\/2000\/svg\" aria-hidden=\"true\" focusable=\"false\"><path d=\"M16.708 0.027c1.745-0.027 3.48-0.011 5.213-0.027 0.105 2.041 0.839 4.12 2.333 5.563 1.491 1.479 3.6 2.156 5.652 2.385v5.369c-1.923-0.063-3.855-0.463-5.6-1.291-0.76-0.344-1.468-0.787-2.161-1.24-0.009 3.896 0.016 7.787-0.025 11.667-0.104 1.864-0.719 3.719-1.803 5.255-1.744 2.557-4.771 4.224-7.88 4.276-1.907 0.109-3.812-0.411-5.437-1.369-2.693-1.588-4.588-4.495-4.864-7.615-0.032-0.667-0.043-1.333-0.016-1.984 0.24-2.537 1.495-4.964 3.443-6.615 2.208-1.923 5.301-2.839 8.197-2.297 0.027 1.975-0.052 3.948-0.052 5.923-1.323-0.428-2.869-0.308-4.025 0.495-0.844 0.547-1.485 1.385-1.819 2.333-0.276 0.676-0.197 1.427-0.181 2.145 0.317 2.188 2.421 4.027 4.667 3.828 1.489-0.016 2.916-0.88 3.692-2.145 0.251-0.443 0.532-0.896 0.547-1.417 0.131-2.385 0.079-4.76 0.095-7.145 0.011-5.375-0.016-10.735 0.025-16.093z\" \/><\/svg><span class=\"wp-block-social-link-label screen-reader-text\">TikTok<\/span><\/a><\/li>\n\n<li class=\"wp-social-link wp-social-link-linkedin  wp-block-social-link\"><a href=\"https:\/\/es.linkedin.com\/company\/irel-studio\" class=\"wp-block-social-link-anchor\" target=\"_blank\" rel=\"noopener\"><svg width=\"24\" height=\"24\" viewBox=\"0 0 24 24\" version=\"1.1\" xmlns=\"http:\/\/www.w3.org\/2000\/svg\" aria-hidden=\"true\" focusable=\"false\"><path d=\"M19.7,3H4.3C3.582,3,3,3.582,3,4.3v15.4C3,20.418,3.582,21,4.3,21h15.4c0.718,0,1.3-0.582,1.3-1.3V4.3 C21,3.582,20.418,3,19.7,3z M8.339,18.338H5.667v-8.59h2.672V18.338z M7.004,8.574c-0.857,0-1.549-0.694-1.549-1.548 c0-0.855,0.691-1.548,1.549-1.548c0.854,0,1.547,0.694,1.547,1.548C8.551,7.881,7.858,8.574,7.004,8.574z M18.339,18.338h-2.669 v-4.177c0-0.996-0.017-2.278-1.387-2.278c-1.389,0-1.601,1.086-1.601,2.206v4.249h-2.667v-8.59h2.559v1.174h0.037 c0.356-0.675,1.227-1.387,2.526-1.387c2.703,0,3.203,1.779,3.203,4.092V18.338z\"><\/path><\/svg><span class=\"wp-block-social-link-label screen-reader-text\">LinkedIn<\/span><\/a><\/li><\/ul>\n","protected":false},"excerpt":{"rendered":"<p>Die Grundzutaten, die Yulia Zhukova, K\u00fcchenleiterin in unserem Artikalia-Gesch\u00e4ft in Benidorm, verwendet, sind: pers\u00f6nliche Aufmerksamkeit zusammen mit einem kreativen und funktionalen Ansatz. Jede K\u00fcche soll ein einzigartiger Raum sein, ma\u00dfgeschneidert f\u00fcr jeden Kunden. Mit ihrer langj\u00e4hrigen Erfahrung in der Dekorations- und Inneneinrichtungsbranche verr\u00e4t uns Yulia die Geheimnisse eines guten K\u00fcchenmanagers, der au\u00dfergew\u00f6hnliche Ergebnisse liefert. Von [&hellip;]<\/p>\n","protected":false},"author":3,"featured_media":2626,"comment_status":"open","ping_status":"open","sticky":false,"template":"","format":"standard","meta":{"_acf_changed":false,"footnotes":""},"categories":[89,90],"tags":[],"class_list":["post-2585","post","type-post","status-publish","format-standard","has-post-thumbnail","hentry","category-interview-de","category-kuche"],"acf":[],"_links":{"self":[{"href":"https:\/\/www.irelstudio.com\/de\/wp-json\/wp\/v2\/posts\/2585","targetHints":{"allow":["GET"]}}],"collection":[{"href":"https:\/\/www.irelstudio.com\/de\/wp-json\/wp\/v2\/posts"}],"about":[{"href":"https:\/\/www.irelstudio.com\/de\/wp-json\/wp\/v2\/types\/post"}],"author":[{"embeddable":true,"href":"https:\/\/www.irelstudio.com\/de\/wp-json\/wp\/v2\/users\/3"}],"replies":[{"embeddable":true,"href":"https:\/\/www.irelstudio.com\/de\/wp-json\/wp\/v2\/comments?post=2585"}],"version-history":[{"count":2,"href":"https:\/\/www.irelstudio.com\/de\/wp-json\/wp\/v2\/posts\/2585\/revisions"}],"predecessor-version":[{"id":2675,"href":"https:\/\/www.irelstudio.com\/de\/wp-json\/wp\/v2\/posts\/2585\/revisions\/2675"}],"wp:featuredmedia":[{"embeddable":true,"href":"https:\/\/www.irelstudio.com\/de\/wp-json\/wp\/v2\/media\/2626"}],"wp:attachment":[{"href":"https:\/\/www.irelstudio.com\/de\/wp-json\/wp\/v2\/media?parent=2585"}],"wp:term":[{"taxonomy":"category","embeddable":true,"href":"https:\/\/www.irelstudio.com\/de\/wp-json\/wp\/v2\/categories?post=2585"},{"taxonomy":"post_tag","embeddable":true,"href":"https:\/\/www.irelstudio.com\/de\/wp-json\/wp\/v2\/tags?post=2585"}],"curies":[{"name":"wp","href":"https:\/\/api.w.org\/{rel}","templated":true}]}}