{"id":2790,"date":"2023-07-07T07:14:38","date_gmt":"2023-07-07T07:14:38","guid":{"rendered":"https:\/\/www.irelstudio.com\/blog\/praktisch-kreativ-und-entspannend-dies-ist-das-80-m2-grosse-haus-der-influencerin-victoria-alvear-mipisitodeco\/"},"modified":"2024-02-22T08:03:07","modified_gmt":"2024-02-22T08:03:07","slug":"praktisch-kreativ-und-entspannend-dies-ist-das-80-m2-grosse-haus-der-influencerin-victoria-alvear-mipisitodeco","status":"publish","type":"post","link":"https:\/\/www.irelstudio.com\/de\/blog\/praktisch-kreativ-und-entspannend-dies-ist-das-80-m2-grosse-haus-der-influencerin-victoria-alvear-mipisitodeco\/","title":{"rendered":"Praktisch, kreativ und entspannend. Dies ist das 80 m2 gro\u00dfe Haus der Influencerin Victoria Alvear, @mipisitodeco"},"content":{"rendered":"\n<p>Ihre Leidenschaft f\u00fcr Dekoration und eine 80 m2 gro\u00dfe Wohnung sind alles, was sie braucht <strong><em>Victoria Alvear<\/em> <\/strong>um uns <strong>ihren Geschmack und ihr Interesse an der Inneneinrichtung<\/strong> zu vermitteln.<\/p>\n\n<p>Mit mehr als 102.000 Followern teilt Vicky auf ihrem Instagram-Account <em>@mipisitodeco<\/em> ihre <em>Art und Weise, wie sie ihren Raum<\/em>, ihr gem\u00fctliches Zuhause, <em>versteht und gestaltet<\/em>. M\u00f6chten Sie seinen Dekostil kennenlernen und wissen, warum er so erfolgreich ist?<\/p>\n\n<div style=\"height:30px\" aria-hidden=\"true\" class=\"wp-block-spacer\"><\/div>\n<div class=\"wp-block-image\">\n<figure class=\"aligncenter size-large\"><img loading=\"lazy\" decoding=\"async\" width=\"1024\" height=\"683\" src=\"https:\/\/www.irelstudio.com\/wp-content\/uploads\/2023\/07\/Collage-mipisodeco-opt-1024x683.jpg\" alt=\"Victoria Alvear in ihrer kleinen Deko-Wohnung\" class=\"wp-image-1653\" srcset=\"https:\/\/www.irelstudio.com\/wp-content\/uploads\/2023\/07\/Collage-mipisodeco-opt-1024x683.jpg 1024w, https:\/\/www.irelstudio.com\/wp-content\/uploads\/2023\/07\/Collage-mipisodeco-opt-600x400.jpg 600w, https:\/\/www.irelstudio.com\/wp-content\/uploads\/2023\/07\/Collage-mipisodeco-opt-768x512.jpg 768w, https:\/\/www.irelstudio.com\/wp-content\/uploads\/2023\/07\/Collage-mipisodeco-opt-1536x1024.jpg 1536w, https:\/\/www.irelstudio.com\/wp-content\/uploads\/2023\/07\/Collage-mipisodeco-opt-2048x1365.jpg 2048w\" sizes=\"auto, (max-width: 1024px) 100vw, 1024px\" \/><\/figure>\n<\/div>\n<div style=\"height:30px\" aria-hidden=\"true\" class=\"wp-block-spacer\"><\/div>\n\n<h2 class=\"wp-block-heading\">1) Wer ist Victoria Alvear und wie kam es zu Ihrem Interesse an der Welt der Deko?<\/h2>\n\n<p>Ich bin 34 Jahre alt, und ich glaube nicht, dass meine Anh\u00e4nger wissen, dass ich in Uruguay geboren wurde, aber seit 23 Jahren in Spanien lebe, so dass ich beide L\u00e4nder in meinem Herzen trage. Ich bin die \u00c4lteste von 4 Geschwistern und liebe es, Zeit mit meiner Familie zu verbringen und mich an den kleinen Dingen zu erfreuen. Ich lebe in meiner kleinen Wohnung mit meinen beiden Jungs, meinem Mann und meinem 2-j\u00e4hrigen Sohn, die mir die Welt bedeuten!<br\/>Ich habe mich schon immer f\u00fcr die Welt der Deko interessiert, ich habe mich schon in jungen Jahren, im Alter von 18 Jahren, selbstst\u00e4ndig gemacht, und ich habe <strong>die H\u00e4user, in denen ich gelebt habe<\/strong>, immer gerne <strong>dekoriert<\/strong> <strong>, um sie <em>&#8222;wohnlicher&#8220;<\/em> zu machen<\/strong>. Ich hatte immer in einer Mietwohnung gelebt, und erst jetzt, in unserer eigenen Wohnung, konnten wir alles zu 100 % nach unserem Geschmack einrichten. Hier entdeckte ich, dass das Dekorieren, Tischdecken, Organisieren und anschlie\u00dfende Kommunizieren und Teilen Teil einer<em>&#8222;Therapie<\/em>&#8220; war, die mir gut tat. <strong>Als eine Methode der Entspannung und Kreativit\u00e4t.<\/strong><\/p>\n\n<div style=\"height:30px\" aria-hidden=\"true\" class=\"wp-block-spacer\"><\/div>\n\n<h2 class=\"wp-block-heading\">2. Was ist das Geheimnis bei der Raumaufteilung und Dekoration, um jeden Quadratmeter optimal zu nutzen?<\/h2>\n\n<p>Die Wahrheit ist, dass dies eher von der Nutzung des betreffenden Raums abh\u00e4ngt. Da es sich bei unserem Haus um eine Wohnung handelt, in der eine Familie mit einem kleinen Kind lebt, muss jeder Raum praktisch sein, aber ich versuche, den<em>&#8222;\u00e4sthetischen<\/em>&#8220; Aspekt nicht zu vernachl\u00e4ssigen, d. h., ich versuche immer, das Endergebnis zu m\u00f6gen. In meinem Fall habe ich mich f\u00fcr <strong>M\u00f6bel<\/strong> entschieden <strong>, die nicht nur dekorativ sind, sondern<\/strong> auch <strong>Stauraum bieten<\/strong>, wie zum Beispiel die Glasvitrinen, die wir im Esszimmer haben.<br\/>Ein klares Beispiel daf\u00fcr, wovon ich spreche: Ich bin mir bewusst, dass sie mit 4 kleinen Dekodetails sch\u00f6n aussehen w\u00fcrden und das war&#8217;s, aber in unserem Haus brauchen wir Stauraum, also haben wir sie gut genutzt, es scheint mir ein<strong>&#8222;ewiges<\/strong>&#8220; M\u00f6belst\u00fcck zu sein, es kommt nicht aus der Mode und es dekoriert viel.<\/p>\n\n<p>Au\u00dferdem konnten wir in unserem Fall die Wohnung renovieren, so dass wir einige Anpassungen vorgenommen haben, um die 80 m2 optimal zu nutzen: Wir haben uns daf\u00fcr entschieden, die Flurwand zu \u00f6ffnen, um ein Gef\u00fchl von Ger\u00e4umigkeit zu vermitteln und das Licht im Esszimmer zu nutzen.<\/p>\n\n<p>Wir nutzten den Balkon, den wir im Schlafzimmer hatten, und schlossen den Raum ab (wo ich meinen Schminktisch habe).<\/p>\n\n<p>Der Korridor in H\u00f6he der K\u00fcche war breiter, und wir haben ihn an den Rest angeglichen, um der K\u00fcche diesen Raum zu geben.<\/p>\n\n<p>Kurz gesagt, eine Reihe von \u00c4nderungen, um das Beste aus den Metern zu machen!<\/p>\n\n<div style=\"height:30px\" aria-hidden=\"true\" class=\"wp-block-spacer\"><\/div>\n\n<blockquote class=\"wp-block-quote is-layout-flow wp-block-quote-is-layout-flow\">\n<p><strong><em><mark style=\"background-color:rgba(0, 0, 0, 0)\" class=\"has-inline-color has-luminous-vivid-amber-color\">&#8222;<i style=\"font-weight: bold;\">Ich liebe viele Stile, und ich glaube, dass die Sch\u00f6nheit in der Mischung liegt!<\/i><\/mark><\/em><\/strong><\/p>\n<cite>Victoria Alvear, @mipisitodeco<\/cite><\/blockquote>\n\n<div style=\"height:30px\" aria-hidden=\"true\" class=\"wp-block-spacer\"><\/div>\n<div class=\"wp-block-image\">\n<figure class=\"aligncenter size-large\"><img loading=\"lazy\" decoding=\"async\" width=\"1024\" height=\"683\" src=\"https:\/\/www.irelstudio.com\/wp-content\/uploads\/2023\/07\/Collage-mipisodeco-copia-1-1024x683.jpg\" alt=\"Hauptschlafzimmer mi pisito deco\" class=\"wp-image-1657\" srcset=\"https:\/\/www.irelstudio.com\/wp-content\/uploads\/2023\/07\/Collage-mipisodeco-copia-1-1024x683.jpg 1024w, https:\/\/www.irelstudio.com\/wp-content\/uploads\/2023\/07\/Collage-mipisodeco-copia-1-600x400.jpg 600w, https:\/\/www.irelstudio.com\/wp-content\/uploads\/2023\/07\/Collage-mipisodeco-copia-1-768x512.jpg 768w, https:\/\/www.irelstudio.com\/wp-content\/uploads\/2023\/07\/Collage-mipisodeco-copia-1-1536x1024.jpg 1536w, https:\/\/www.irelstudio.com\/wp-content\/uploads\/2023\/07\/Collage-mipisodeco-copia-1-2048x1365.jpg 2048w\" sizes=\"auto, (max-width: 1024px) 100vw, 1024px\" \/><\/figure>\n<\/div>\n<div style=\"height:30px\" aria-hidden=\"true\" class=\"wp-block-spacer\"><\/div>\n\n<h2 class=\"wp-block-heading\">3. Derzeit boomt die Welt der Dekoration. Wie entwickelt sich dieser Trend auf digitalen Plattformen?<\/h2>\n\n<p>Das stimmt, ich denke, dass wir alle, vor allem nach der Pandemie, unserem inneren Selbst und dem Wunsch, uns selbst zu helfen, viel mehr Bedeutung beigemessen haben.  <strong>sich in unseren H\u00e4usern zu Hause f\u00fchlen.  <\/strong>So wie es in den Netzwerken schon immer viele Konten gab, die sich beispielsweise der Mode oder der Welt der Sch\u00f6nheit gewidmet haben, so spiegelt sich dieses wachsende Interesse an Dekoration auch auf diesen Plattformen wider. Ich denke, dass die Menschen vor allem <strong>&#8222;echte&#8220; H\u00e4user<\/strong> sehen wollen oder sich von ihnen inspirieren lassen wollen.<em>\n  <strong> &#8222;Echte&#8220; H\u00e4user.<\/strong>\n<\/em> Folgen Sie Konten\/Marken, von denen Sie sich Ideen holen k\u00f6nnen, mit R\u00e4umen, die dem \u00e4hneln, was sie in ihren H\u00e4usern haben.<\/p>\n<div class=\"wp-block-image\">\n<figure class=\"aligncenter size-large\"><img loading=\"lazy\" decoding=\"async\" width=\"1024\" height=\"683\" src=\"https:\/\/www.irelstudio.com\/wp-content\/uploads\/2023\/07\/Collage-mipisodeco-cocina-1-1024x683.jpg\" alt=\"K&#xFC;che meiner kleinen Deko-Wohnung\" class=\"wp-image-1668\" srcset=\"https:\/\/www.irelstudio.com\/wp-content\/uploads\/2023\/07\/Collage-mipisodeco-cocina-1-1024x683.jpg 1024w, https:\/\/www.irelstudio.com\/wp-content\/uploads\/2023\/07\/Collage-mipisodeco-cocina-1-600x400.jpg 600w, https:\/\/www.irelstudio.com\/wp-content\/uploads\/2023\/07\/Collage-mipisodeco-cocina-1-768x512.jpg 768w, https:\/\/www.irelstudio.com\/wp-content\/uploads\/2023\/07\/Collage-mipisodeco-cocina-1-1536x1024.jpg 1536w, https:\/\/www.irelstudio.com\/wp-content\/uploads\/2023\/07\/Collage-mipisodeco-cocina-1-2048x1365.jpg 2048w\" sizes=\"auto, (max-width: 1024px) 100vw, 1024px\" \/><\/figure>\n<\/div>\n<div style=\"height:30px\" aria-hidden=\"true\" class=\"wp-block-spacer\"><\/div>\n\n<h2 class=\"wp-block-heading\">4. Bevorzugter dekorativer Stil<\/h2>\n\n<p><em>Ich liebe viele Stile, und ich glaube, dass die Sch\u00f6nheit in der Mischung liegt! <\/em>Der <strong>moderne Bauernhaus-<\/strong> oder<strong> Industriestil<\/strong> ist einer meiner Favoriten. Ich liebe auch die <strong>organischen Akzente<\/strong>, sie verleihen jedem Raum viel W\u00e4rme. Ich tr\u00e4ume von einem Haus wie das kanadische, das amerikanische oder das australische. Ich finde, es sind die besten Deko-Perlen! Aber dann muss man sich nat\u00fcrlich an eine kleine Wohnung anpassen und sie in mein Gebiet bringen.<\/p>\n\n<div style=\"height:30px\" aria-hidden=\"true\" class=\"wp-block-spacer\"><\/div>\n\n<h2 class=\"wp-block-heading\">5. Wir sprechen \u00fcber Referenzen. Welche Quellen der Inspiration sind Ihre gr\u00f6\u00dften Verb\u00fcndeten?<\/h2>\n\n<p>Ich liebe die H\u00e4user von &#8222;El Mueble&#8220;, sie sehen f\u00fcr mich alle wie ein Traum aus, und deshalb bin ich Leser dieser Zeitschrift. Ich denke, was im Trend ist, beeinflusst uns unweigerlich, und so sehe ich in den Gesch\u00e4ften schon viel von dem, was mir gef\u00e4llt. Und manchmal ist es auch umgekehrt, mir gef\u00e4llt etwas aufgrund einer Idee, die ich habe, und die Suche in den Gesch\u00e4ften beginnt, haha!<\/p>\n\n<p>Wie ich bereits erw\u00e4hnt habe, sind die amerikanischen Konten meine Favoriten.<\/p>\n\n<div style=\"height:30px\" aria-hidden=\"true\" class=\"wp-block-spacer\"><\/div>\n\n<h2 class=\"wp-block-heading\">6. Bevorzugte Farben, Texturen, Materialien und Designs&#8230;<\/h2>\n\n<p>Meine Lieblingsfarben, und ich glaube, das sind die, die man immer in meinem Haus finden wird, sind <strong>Neutralt\u00f6ne, Erdt\u00f6ne und Gr\u00fcnt\u00f6ne<\/strong>. Ich mag M\u00f6bel mit geraden Linien und in neutralen Farben und dann entscheide ich mich gerne f\u00fcr hochwertige Textilien wie Leinen oder gute Baumwolle. In meiner kleinen Wohnung haben wir auch Elemente in Schwarz, was meiner Meinung nach jedem Raum viel Charakter verleiht und eine sehr elegante Farbe ist.<\/p>\n\n<div style=\"height:30px\" aria-hidden=\"true\" class=\"wp-block-spacer\"><\/div>\n\n<h2 class=\"wp-block-heading\">7. Etwas, das man bei der Dekoration von @mipisitodeco nicht verpassen darf<\/h2>\n\n<p>Ich denke, <strong>Textilien sind immer mein Ausgangspunkt<\/strong>. Die Kissen im Wohnzimmer, vom<br\/>Schlafzimmer, Plaids oder Decken&#8230; Ich liebe sie und sie sind mein Verh\u00e4ngnis!<\/p>\n<div class=\"wp-block-image\">\n<figure class=\"aligncenter size-large\"><img loading=\"lazy\" decoding=\"async\" width=\"1024\" height=\"683\" src=\"https:\/\/www.irelstudio.com\/wp-content\/uploads\/2023\/07\/Collage-mipisodeco-habitaciones-secundarias-1024x683.jpg\" alt=\"Zweites Zimmer meiner kleinen Deko-Wohnung\" class=\"wp-image-1666\" srcset=\"https:\/\/www.irelstudio.com\/wp-content\/uploads\/2023\/07\/Collage-mipisodeco-habitaciones-secundarias-1024x683.jpg 1024w, https:\/\/www.irelstudio.com\/wp-content\/uploads\/2023\/07\/Collage-mipisodeco-habitaciones-secundarias-600x400.jpg 600w, https:\/\/www.irelstudio.com\/wp-content\/uploads\/2023\/07\/Collage-mipisodeco-habitaciones-secundarias-768x512.jpg 768w, https:\/\/www.irelstudio.com\/wp-content\/uploads\/2023\/07\/Collage-mipisodeco-habitaciones-secundarias-1536x1024.jpg 1536w, https:\/\/www.irelstudio.com\/wp-content\/uploads\/2023\/07\/Collage-mipisodeco-habitaciones-secundarias-2048x1365.jpg 2048w\" sizes=\"auto, (max-width: 1024px) 100vw, 1024px\" \/><\/figure>\n<\/div>\n<div style=\"height:30px\" aria-hidden=\"true\" class=\"wp-block-spacer\"><\/div>\n\n<h2 class=\"wp-block-heading\">8. Ein Raum im Haus, in dem man abschalten kann&#8230;<\/h2>\n\n<p>Schwierig, denn zu Hause gibt es viel Leben! Aber ich sage immer, es gibt nichts Sch\u00f6neres als<strong> unser Wohnzimmer im Winter. <\/strong>Kuscheldecke, Netflix und Abendessen auf dem Couchtisch. Mein Lieblingsaufenthalt!<\/p>\n\n<div style=\"height:30px\" aria-hidden=\"true\" class=\"wp-block-spacer\"><\/div>\n\n<blockquote class=\"wp-block-quote is-layout-flow wp-block-quote-is-layout-flow\">\n<p><strong><em><mark style=\"background-color:rgba(0, 0, 0, 0)\" class=\"has-inline-color has-luminous-vivid-amber-color\">&#8222;Ich mag M\u00f6bel mit geraden Linien und in neutralen Farben, und dann entscheide ich mich gerne f\u00fcr hochwertige Textilien wie Leinen oder gute Baumwolle.&#8220;<\/mark><\/em><\/strong><\/p>\n<cite>Victoria Alvear, @mipisitodeco<\/cite><\/blockquote>\n\n<div style=\"height:30px\" aria-hidden=\"true\" class=\"wp-block-spacer\"><\/div>\n<div class=\"wp-block-image\">\n<figure class=\"aligncenter size-large\"><img loading=\"lazy\" decoding=\"async\" width=\"1024\" height=\"683\" src=\"https:\/\/www.irelstudio.com\/wp-content\/uploads\/2023\/07\/Collage-mipisodeco-SALON-1024x683.jpg\" alt=\"Wohnzimmer mi pisito deco\" class=\"wp-image-1662\" srcset=\"https:\/\/www.irelstudio.com\/wp-content\/uploads\/2023\/07\/Collage-mipisodeco-SALON-1024x683.jpg 1024w, https:\/\/www.irelstudio.com\/wp-content\/uploads\/2023\/07\/Collage-mipisodeco-SALON-600x400.jpg 600w, https:\/\/www.irelstudio.com\/wp-content\/uploads\/2023\/07\/Collage-mipisodeco-SALON-768x512.jpg 768w, https:\/\/www.irelstudio.com\/wp-content\/uploads\/2023\/07\/Collage-mipisodeco-SALON-1536x1024.jpg 1536w, https:\/\/www.irelstudio.com\/wp-content\/uploads\/2023\/07\/Collage-mipisodeco-SALON-2048x1365.jpg 2048w\" sizes=\"auto, (max-width: 1024px) 100vw, 1024px\" \/><\/figure>\n<\/div>\n<div style=\"height:30px\" aria-hidden=\"true\" class=\"wp-block-spacer\"><\/div>\n\n<h2 class=\"wp-block-heading\">9. Flaggschiff-M\u00f6belst\u00fcck von @mipisitodeco<\/h2>\n\n<p>Ich w\u00fcrde wirklich gerne ikonische M\u00f6bel oder Antiquit\u00e4ten haben, die eine Geschichte haben oder von sehr guter Qualit\u00e4t sind. Wenn wir in der Zukunft das Haus (die Wohnung) haben k\u00f6nnen, von dem wir tr\u00e4umen, werden wir es nach und nach einrichten und Schl\u00fcsselst\u00fccke ausw\u00e4hlen!<\/p>\n\n<p>Bei mir zu Hause wurde ein M\u00f6belst\u00fcck\/ein Bereich, das\/der mir sehr gefiel, als ich es\/ihn austauschte, und von dem ich viele Nachrichten erhielt, die mir sagten, dass es\/sie mich sehr inspiriert hat, zu einem  <strong>auf<\/strong> <strong>Foyer<\/strong>Der h\u00f6lzerne Konsolentisch und die Schubladen mit industriellem Touch und vor allem der wei\u00dfe Fries, der als Garderobe dient, sobald man das Haus betritt. Die Eingangshalle ist der Bereich des Hauses, der <strong>mich zu 100% definiert<\/strong> und ganz nach meinem Geschmack ist!<\/p>\n<div class=\"wp-block-image\">\n<figure class=\"aligncenter size-large\"><img loading=\"lazy\" decoding=\"async\" width=\"1024\" height=\"683\" src=\"https:\/\/www.irelstudio.com\/wp-content\/uploads\/2023\/07\/Collage-mipisodeco-entrada-1024x683.jpg\" alt=\"Eingangshalle meiner kleinen Deko-Wohnung\" class=\"wp-image-1664\" srcset=\"https:\/\/www.irelstudio.com\/wp-content\/uploads\/2023\/07\/Collage-mipisodeco-entrada-1024x683.jpg 1024w, https:\/\/www.irelstudio.com\/wp-content\/uploads\/2023\/07\/Collage-mipisodeco-entrada-600x400.jpg 600w, https:\/\/www.irelstudio.com\/wp-content\/uploads\/2023\/07\/Collage-mipisodeco-entrada-768x512.jpg 768w, https:\/\/www.irelstudio.com\/wp-content\/uploads\/2023\/07\/Collage-mipisodeco-entrada-1536x1024.jpg 1536w, https:\/\/www.irelstudio.com\/wp-content\/uploads\/2023\/07\/Collage-mipisodeco-entrada-2048x1365.jpg 2048w\" sizes=\"auto, (max-width: 1024px) 100vw, 1024px\" \/><\/figure>\n<\/div>\n<div style=\"height:30px\" aria-hidden=\"true\" class=\"wp-block-spacer\"><\/div>\n\n<h2 class=\"wp-block-heading\">10. Man sagt, dass jedes Haus seinen eigenen Geruch hat. Wie riecht es bei @mipisitodeco?<\/h2>\n\n<p>Mein Lieblingsduft, den ich ausprobieren konnte, ist <em>Pure Gardenia von Zara Home<\/em>, und an den Tagen, an denen wir die Kerze anz\u00fcnden, w\u00e4re das der Duft! Dann ist es wie in jedem Haus: An dem Tag, an dem es geputzt wird, riecht es toll, und der Rest&#8230; so soll es auch bleiben, haha.<\/p>\n\n<div style=\"height:30px\" aria-hidden=\"true\" class=\"wp-block-spacer\"><\/div>\n\n<ul class=\"wp-block-social-links is-layout-flex wp-block-social-links-is-layout-flex\"><li class=\"wp-social-link wp-social-link-instagram  wp-block-social-link\"><a href=\"https:\/\/www.instagram.com\/irel.studio\/\" class=\"wp-block-social-link-anchor\" target=\"_blank\" rel=\"noopener\"><svg width=\"24\" height=\"24\" viewBox=\"0 0 24 24\" version=\"1.1\" xmlns=\"http:\/\/www.w3.org\/2000\/svg\" aria-hidden=\"true\" focusable=\"false\"><path d=\"M12,4.622c2.403,0,2.688,0.009,3.637,0.052c0.877,0.04,1.354,0.187,1.671,0.31c0.42,0.163,0.72,0.358,1.035,0.673 c0.315,0.315,0.51,0.615,0.673,1.035c0.123,0.317,0.27,0.794,0.31,1.671c0.043,0.949,0.052,1.234,0.052,3.637 s-0.009,2.688-0.052,3.637c-0.04,0.877-0.187,1.354-0.31,1.671c-0.163,0.42-0.358,0.72-0.673,1.035 c-0.315,0.315-0.615,0.51-1.035,0.673c-0.317,0.123-0.794,0.27-1.671,0.31c-0.949,0.043-1.233,0.052-3.637,0.052 s-2.688-0.009-3.637-0.052c-0.877-0.04-1.354-0.187-1.671-0.31c-0.42-0.163-0.72-0.358-1.035-0.673 c-0.315-0.315-0.51-0.615-0.673-1.035c-0.123-0.317-0.27-0.794-0.31-1.671C4.631,14.688,4.622,14.403,4.622,12 s0.009-2.688,0.052-3.637c0.04-0.877,0.187-1.354,0.31-1.671c0.163-0.42,0.358-0.72,0.673-1.035 c0.315-0.315,0.615-0.51,1.035-0.673c0.317-0.123,0.794-0.27,1.671-0.31C9.312,4.631,9.597,4.622,12,4.622 M12,3 C9.556,3,9.249,3.01,8.289,3.054C7.331,3.098,6.677,3.25,6.105,3.472C5.513,3.702,5.011,4.01,4.511,4.511 c-0.5,0.5-0.808,1.002-1.038,1.594C3.25,6.677,3.098,7.331,3.054,8.289C3.01,9.249,3,9.556,3,12c0,2.444,0.01,2.751,0.054,3.711 c0.044,0.958,0.196,1.612,0.418,2.185c0.23,0.592,0.538,1.094,1.038,1.594c0.5,0.5,1.002,0.808,1.594,1.038 c0.572,0.222,1.227,0.375,2.185,0.418C9.249,20.99,9.556,21,12,21s2.751-0.01,3.711-0.054c0.958-0.044,1.612-0.196,2.185-0.418 c0.592-0.23,1.094-0.538,1.594-1.038c0.5-0.5,0.808-1.002,1.038-1.594c0.222-0.572,0.375-1.227,0.418-2.185 C20.99,14.751,21,14.444,21,12s-0.01-2.751-0.054-3.711c-0.044-0.958-0.196-1.612-0.418-2.185c-0.23-0.592-0.538-1.094-1.038-1.594 c-0.5-0.5-1.002-0.808-1.594-1.038c-0.572-0.222-1.227-0.375-2.185-0.418C14.751,3.01,14.444,3,12,3L12,3z M12,7.378 c-2.552,0-4.622,2.069-4.622,4.622S9.448,16.622,12,16.622s4.622-2.069,4.622-4.622S14.552,7.378,12,7.378z M12,15 c-1.657,0-3-1.343-3-3s1.343-3,3-3s3,1.343,3,3S13.657,15,12,15z M16.804,6.116c-0.596,0-1.08,0.484-1.08,1.08 s0.484,1.08,1.08,1.08c0.596,0,1.08-0.484,1.08-1.08S17.401,6.116,16.804,6.116z\"><\/path><\/svg><span class=\"wp-block-social-link-label screen-reader-text\">Instagram<\/span><\/a><\/li>\n\n<li class=\"wp-social-link wp-social-link-facebook  wp-block-social-link\"><a href=\"https:\/\/www.facebook.com\/irelstudio\/\" class=\"wp-block-social-link-anchor\" target=\"_blank\" rel=\"noopener\"><svg width=\"24\" height=\"24\" viewBox=\"0 0 24 24\" version=\"1.1\" xmlns=\"http:\/\/www.w3.org\/2000\/svg\" aria-hidden=\"true\" focusable=\"false\"><path d=\"M12 2C6.5 2 2 6.5 2 12c0 5 3.7 9.1 8.4 9.9v-7H7.9V12h2.5V9.8c0-2.5 1.5-3.9 3.8-3.9 1.1 0 2.2.2 2.2.2v2.5h-1.3c-1.2 0-1.6.8-1.6 1.6V12h2.8l-.4 2.9h-2.3v7C18.3 21.1 22 17 22 12c0-5.5-4.5-10-10-10z\"><\/path><\/svg><span class=\"wp-block-social-link-label screen-reader-text\">Facebook<\/span><\/a><\/li>\n\n<li class=\"wp-social-link wp-social-link-pinterest  wp-block-social-link\"><a href=\"https:\/\/www.pinterest.es\/irelstudio\/\" class=\"wp-block-social-link-anchor\" target=\"_blank\" rel=\"noopener\"><svg width=\"24\" height=\"24\" viewBox=\"0 0 24 24\" version=\"1.1\" xmlns=\"http:\/\/www.w3.org\/2000\/svg\" aria-hidden=\"true\" focusable=\"false\"><path d=\"M12.289,2C6.617,2,3.606,5.648,3.606,9.622c0,1.846,1.025,4.146,2.666,4.878c0.25,0.111,0.381,0.063,0.439-0.169 c0.044-0.175,0.267-1.029,0.365-1.428c0.032-0.128,0.017-0.237-0.091-0.362C6.445,11.911,6.01,10.75,6.01,9.668 c0-2.777,2.194-5.464,5.933-5.464c3.23,0,5.49,2.108,5.49,5.122c0,3.407-1.794,5.768-4.13,5.768c-1.291,0-2.257-1.021-1.948-2.277 c0.372-1.495,1.089-3.112,1.089-4.191c0-0.967-0.542-1.775-1.663-1.775c-1.319,0-2.379,1.309-2.379,3.059 c0,1.115,0.394,1.869,0.394,1.869s-1.302,5.279-1.54,6.261c-0.405,1.666,0.053,4.368,0.094,4.604 c0.021,0.126,0.167,0.169,0.25,0.063c0.129-0.165,1.699-2.419,2.142-4.051c0.158-0.59,0.817-2.995,0.817-2.995 c0.43,0.784,1.681,1.446,3.013,1.446c3.963,0,6.822-3.494,6.822-7.833C20.394,5.112,16.849,2,12.289,2\"><\/path><\/svg><span class=\"wp-block-social-link-label screen-reader-text\">Pinterest<\/span><\/a><\/li>\n\n<li class=\"wp-social-link wp-social-link-tiktok  wp-block-social-link\"><a href=\"https:\/\/www.tiktok.com\/@irel_studio\" class=\"wp-block-social-link-anchor\" target=\"_blank\" rel=\"noopener\"><svg width=\"24\" height=\"24\" viewBox=\"0 0 32 32\" version=\"1.1\" xmlns=\"http:\/\/www.w3.org\/2000\/svg\" aria-hidden=\"true\" focusable=\"false\"><path d=\"M16.708 0.027c1.745-0.027 3.48-0.011 5.213-0.027 0.105 2.041 0.839 4.12 2.333 5.563 1.491 1.479 3.6 2.156 5.652 2.385v5.369c-1.923-0.063-3.855-0.463-5.6-1.291-0.76-0.344-1.468-0.787-2.161-1.24-0.009 3.896 0.016 7.787-0.025 11.667-0.104 1.864-0.719 3.719-1.803 5.255-1.744 2.557-4.771 4.224-7.88 4.276-1.907 0.109-3.812-0.411-5.437-1.369-2.693-1.588-4.588-4.495-4.864-7.615-0.032-0.667-0.043-1.333-0.016-1.984 0.24-2.537 1.495-4.964 3.443-6.615 2.208-1.923 5.301-2.839 8.197-2.297 0.027 1.975-0.052 3.948-0.052 5.923-1.323-0.428-2.869-0.308-4.025 0.495-0.844 0.547-1.485 1.385-1.819 2.333-0.276 0.676-0.197 1.427-0.181 2.145 0.317 2.188 2.421 4.027 4.667 3.828 1.489-0.016 2.916-0.88 3.692-2.145 0.251-0.443 0.532-0.896 0.547-1.417 0.131-2.385 0.079-4.76 0.095-7.145 0.011-5.375-0.016-10.735 0.025-16.093z\" \/><\/svg><span class=\"wp-block-social-link-label screen-reader-text\">TikTok<\/span><\/a><\/li>\n\n<li class=\"wp-social-link wp-social-link-linkedin  wp-block-social-link\"><a href=\"https:\/\/es.linkedin.com\/company\/irel-studio\" class=\"wp-block-social-link-anchor\" target=\"_blank\" rel=\"noopener\"><svg width=\"24\" height=\"24\" viewBox=\"0 0 24 24\" version=\"1.1\" xmlns=\"http:\/\/www.w3.org\/2000\/svg\" aria-hidden=\"true\" focusable=\"false\"><path d=\"M19.7,3H4.3C3.582,3,3,3.582,3,4.3v15.4C3,20.418,3.582,21,4.3,21h15.4c0.718,0,1.3-0.582,1.3-1.3V4.3 C21,3.582,20.418,3,19.7,3z M8.339,18.338H5.667v-8.59h2.672V18.338z M7.004,8.574c-0.857,0-1.549-0.694-1.549-1.548 c0-0.855,0.691-1.548,1.549-1.548c0.854,0,1.547,0.694,1.547,1.548C8.551,7.881,7.858,8.574,7.004,8.574z M18.339,18.338h-2.669 v-4.177c0-0.996-0.017-2.278-1.387-2.278c-1.389,0-1.601,1.086-1.601,2.206v4.249h-2.667v-8.59h2.559v1.174h0.037 c0.356-0.675,1.227-1.387,2.526-1.387c2.703,0,3.203,1.779,3.203,4.092V18.338z\"><\/path><\/svg><span class=\"wp-block-social-link-label screen-reader-text\">LinkedIn<\/span><\/a><\/li><\/ul>\n","protected":false},"excerpt":{"rendered":"<p>Ihre Leidenschaft f\u00fcr Dekoration und eine 80 m2 gro\u00dfe Wohnung sind alles, was sie braucht Victoria Alvear um uns ihren Geschmack und ihr Interesse an der Inneneinrichtung zu vermitteln. Mit mehr als 102.000 Followern teilt Vicky auf ihrem Instagram-Account @mipisitodeco ihre Art und Weise, wie sie ihren Raum, ihr gem\u00fctliches Zuhause, versteht und gestaltet. M\u00f6chten [&hellip;]<\/p>\n","protected":false},"author":3,"featured_media":0,"comment_status":"open","ping_status":"open","sticky":false,"template":"","format":"standard","meta":{"_acf_changed":false,"footnotes":""},"categories":[62,89,71],"tags":[],"class_list":["post-2790","post","type-post","status-publish","format-standard","hentry","category-dekoration","category-interview-de","category-trends"],"acf":[],"_links":{"self":[{"href":"https:\/\/www.irelstudio.com\/de\/wp-json\/wp\/v2\/posts\/2790","targetHints":{"allow":["GET"]}}],"collection":[{"href":"https:\/\/www.irelstudio.com\/de\/wp-json\/wp\/v2\/posts"}],"about":[{"href":"https:\/\/www.irelstudio.com\/de\/wp-json\/wp\/v2\/types\/post"}],"author":[{"embeddable":true,"href":"https:\/\/www.irelstudio.com\/de\/wp-json\/wp\/v2\/users\/3"}],"replies":[{"embeddable":true,"href":"https:\/\/www.irelstudio.com\/de\/wp-json\/wp\/v2\/comments?post=2790"}],"version-history":[{"count":2,"href":"https:\/\/www.irelstudio.com\/de\/wp-json\/wp\/v2\/posts\/2790\/revisions"}],"predecessor-version":[{"id":2792,"href":"https:\/\/www.irelstudio.com\/de\/wp-json\/wp\/v2\/posts\/2790\/revisions\/2792"}],"wp:attachment":[{"href":"https:\/\/www.irelstudio.com\/de\/wp-json\/wp\/v2\/media?parent=2790"}],"wp:term":[{"taxonomy":"category","embeddable":true,"href":"https:\/\/www.irelstudio.com\/de\/wp-json\/wp\/v2\/categories?post=2790"},{"taxonomy":"post_tag","embeddable":true,"href":"https:\/\/www.irelstudio.com\/de\/wp-json\/wp\/v2\/tags?post=2790"}],"curies":[{"name":"wp","href":"https:\/\/api.w.org\/{rel}","templated":true}]}}